{"id":126,"date":"2019-07-22T22:44:04","date_gmt":"2019-07-22T22:44:04","guid":{"rendered":"https:\/\/cdv.com.ar\/vacuna\/?p=126"},"modified":"2019-08-26T16:27:21","modified_gmt":"2019-08-26T16:27:21","slug":"estamos-atentos-a-las-necesidades-de-nuestros-clientes","status":"publish","type":"post","link":"https:\/\/cdv.com.ar\/vacuna\/estamos-atentos-a-las-necesidades-de-nuestros-clientes\/","title":{"rendered":"\u201cEstamos atentos a las necesidades de nuestros clientes\u201d"},"content":{"rendered":"<p>&nbsp;<\/p>\n<p>A cargo de la Direcci\u00f3n Comercial del Laboratorio CDV, Fernando Matticoli, repasa la actualidad de una empresa que invierte en la profesionalizaci\u00f3n de sus \u00e1reas y planifica sus acciones t\u00e9cnicas y comerciales pensando siempre en la satisfacci\u00f3n de las demandas de sus clientes.<\/p>\n<p>\u201cEstamos en un momento de crecimiento interno, como empresa, y de expansi\u00f3n en el mercado veterinario. En ese marco y a lo largo del \u00faltimo a\u00f1o, hemos incorporado personal en el \u00e1rea de Servicio T\u00e9cnico con el objetivo concreto de trabajar junto con los productores ganaderos de todo el pa\u00eds. Adem\u00e1s, estamos realizando capacitaciones a nuestro Equipo de Ventas para avanzar sobre las oportunidades de crecimiento junto a nuestros clientes\u201d, explic\u00f3 Fernando Matticoli. Y complet\u00f3: \u201cEsta evoluci\u00f3n de CDV sin dudas se tradujo en un incremento de las ventas de vacunas para bovinos y una mayor participaci\u00f3n en un mercado veterinario que se muestra estable en los \u00faltimos a\u00f1os a nivel local\u201d.<\/p>\n<p>\u00bfCu\u00e1les son los objetivos en la estrategia comercial de CDV?<\/p>\n<p>Fernando Matticoli: Este a\u00f1o vamos a profundizar las inversiones en marketing, con acciones a la medida de las necesidades de nuestros clientes. Estamos desarrollando un plan de comunicaci\u00f3n integral para consolidar la imagen de CDV en el mercado. Dentro de esa estrategia, buscamos acercarnos al veterinario y al productor ganadero para que conozcan los cambios que venimos implementando y ser aliados en el camino de la producci\u00f3n de carne y leche a trav\u00e9s de la prevenci\u00f3n de enfermedades que impiden el potencial rendimiento de los rodeos.<\/p>\n<p>No olvidemos que, actualmente el \u00edndice de destete en Argentina es del 63{ef4e259def3eb4b02ec3d1660dcda83ec8730a8688e070657a0a5a6d5ebc23fb}.<\/p>\n<p>Es decir que cada 100 vacas, destetamos solo 63 terneros, situaci\u00f3n que se puede revertir con la aplicaci\u00f3n de un correcto calendario de vacunaciones recomendado siempre por un veterinario.<\/p>\n<p>Haciendo n\u00fameros vemos que la sanidad es la inversi\u00f3n m\u00e1s baja y con mayor resultado para aumentar la productividad: cada 10 puntos porcentuales que mejoremos el \u00edndice de destete, contaremos con m\u00e1s de 2 millones de cabezas por a\u00f1o, lo cual nos permitir\u00eda destinar a los mercados externos, que cada vez requieren mayores cantidades de prote\u00ednas de origen animal.<\/p>\n<p>\u00bfQu\u00e9 nos puede comentar respecto de la vacuna antiaftosa de CDV?<\/p>\n<p>En cuanto a la vacuna antiaftosa, este a\u00f1o liberamos el primer lote al mercado, el cual comercializamos en su totalidad en la primera campa\u00f1a de vacunaci\u00f3n.<\/p>\n<p>Proyectamos tener mayor disponibilidad en la segunda campa\u00f1a, a medida que se vayan liberando los lotes que est\u00e1n en control oficial. Vale decir que la vacuna fue distribuida a trav\u00e9s de las Fundaciones y los clientes de CDV.<\/p>\n<p>\u00bfY en cuanto a la PPD?<\/p>\n<p>Por el lado de la PPD Bovina, realizamos inversiones en el \u00e1rea, con el objetivo de tener capacidad de producci\u00f3n suficiente para abastecer la totalidad del mercado local. Estamos expectantes que el mercado va a crecer, ya que las exigencias de los pa\u00edses donde Argentina exporta sus carnes, requieren controles de tuberculosis.<\/p>\n<p>\u00bfC\u00f3mo est\u00e1 conformado el equipo t\u00e9cnico comercial?<\/p>\n<p>Tenemos un Equipo Comercial que cubre toda la Argentina, organizado para generar la mayor cantidad posible de contactos con los clientes en el menor tiempo. De esta forma podemos visitar a los clientes m\u00e1s de una vez en el mes, logrando afianzar la relaci\u00f3n y estar atentos a sus necesidades.<\/p>\n<p>Contamos con un departamento de Servicio T\u00e9cnico, que est\u00e1 trabajando en forma conjunta con los vendedores. El objetivo es que puedan trabajar con los veterinarios y productores, fijar Planes Sanitarios para lograr mayor productividad en sus rodeos y atender cualquier necesidad que requieran.<\/p>\n<p>\u00bfCu\u00e1l va a ser el foco del equipo de trabajo en este 2019?<\/p>\n<p>El foco que tenemos para este a\u00f1o es profundizar el relacionamiento con los clientes actuales y aumentar la base de clientes en los puntos del pa\u00eds que nos hace falta fortalecer. Tambi\u00e9n vemos muy importante trabajar en la comunicaci\u00f3n tanto interna, como externa, de lo que invierte, produce y comercializa CDV.<\/p>\n<p>\u00bfC\u00f3mo eval\u00faan el desempe\u00f1o de CDV en materia de disponibilidad de stock y tiempos de entrega a lo largo de 2018?<\/p>\n<p>Durante el a\u00f1o pasado pusimos mucho foco en disponer de los vacunas en los momentos de su aplicaci\u00f3n; trabajamos en forma conjunta con el \u00e1rea de Operaciones y A&amp;F para visualizar las limitantes por parte de los proveedores de insumos, como as\u00ed tambi\u00e9n falencias productivas, con el objetivo de establecer medidas que nos permitan ser m\u00e1s eficientes en los costos.<\/p>\n<p>Logramos muchos avances, minimizando los quiebres de stocks.<\/p>\n<p>A\u00fan nos queda mucho por mejorar, pero no tenemos dudas de que este a\u00f1o vamos a estar mejor posicionados en este sentido.<\/p>\n<p>\u00bfCu\u00e1les son las acciones que est\u00e1n realizando tanto con veterinarios, como con productores y la cadena de distribuci\u00f3n?<\/p>\n<p>Estamos llevando a cabo un plan de comunicaci\u00f3n anual, que incluye difusi\u00f3n a trav\u00e9s de las redes, comunicaci\u00f3n online, de gr\u00e1fica y TV.<\/p>\n<p>Esto es algo novedoso para CDV, ya que es el primer a\u00f1o que se realiza una campa\u00f1a integral de comunicaci\u00f3n. Por otro lado, y a nivel comercial, estamos ofreciendo promociones por campa\u00f1a, tanto a veterinarios como a productores, en donde mostramos nuestra voluntad de acercarnos a los clientes, proveerlos de herramientas y, a su vez, fortalecer nuestra marca.<\/p>\n<p>\u00bfDe qu\u00e9 manera lograr\u00e1n ese objetivo de estar m\u00e1s cerca de los clientes?<\/p>\n<p>Lo m\u00e1s importante es la cercan\u00eda de CDV con los clientes y lo estamos alcanzando a trav\u00e9s de la permanente comunicaci\u00f3n de nuestro equipo con ellos, planteando una pol\u00edtica comercial seria, que respetamos a trav\u00e9s del tiempo.<\/p>\n<p>De esta forma, logramos credibilidad y confianza en nuestros clientes, fortaleciendo la relaci\u00f3n y promoviendo relaciones a largo plazo.<\/p>\n<p>&nbsp;<\/p>\n<p>&nbsp;<\/p>\n<p>[et_pb_button admin_label=\u00bbButton\u00bb button_url=\u00bbhttps:\/\/cdv.com.ar\/vacuna\/\u00bb url_new_window=\u00bboff\u00bb button_text=\u00bbVolver a Vacuna Antiaftosa CDV\u00bb button_alignment=\u00bbcenter\u00bb button_text_color=\u00bbrgb(255,255,255)\u00bb button_text_color_hover=\u00bbrgb(255,255,255)\u00bb button_on_hover=\u00bbon\u00bb button_letter_spacing_hover=\u00bb2&#8243; \/]<\/p>\n","protected":false},"excerpt":{"rendered":"<p>A cargo de la Direcci\u00f3n Comercial del Laboratorio CDV, Fernando Matticoli, repasa la actualidad de una empresa que invierte en la profesionalizaci\u00f3n de sus \u00e1reas y planifica sus acciones t\u00e9cnicas y comerciales pensando siempre en la satisfacci\u00f3n de las demandas de sus clientes.<\/p>\n","protected":false},"author":1,"featured_media":647,"comment_status":"closed","ping_status":"open","sticky":false,"template":"","format":"standard","meta":{"_et_pb_use_builder":"","_et_pb_old_content":"","_et_gb_content_width":"","_jetpack_memberships_contains_paid_content":false,"footnotes":""},"categories":[3],"tags":[],"class_list":["post-126","post","type-post","status-publish","format-standard","has-post-thumbnail","hentry","category-blog"],"yoast_head":"<!-- This site is optimized with the Yoast SEO plugin v26.9 - https:\/\/yoast.com\/product\/yoast-seo-wordpress\/ -->\n<title>\u201cEstamos atentos a las necesidades de nuestros clientes\u201d - Laboratorio CDV<\/title>\n<meta name=\"robots\" content=\"index, follow, max-snippet:-1, max-image-preview:large, max-video-preview:-1\" \/>\n<link rel=\"canonical\" href=\"https:\/\/cdv.com.ar\/vacuna\/estamos-atentos-a-las-necesidades-de-nuestros-clientes\/\" \/>\n<meta property=\"og:locale\" content=\"es_ES\" \/>\n<meta property=\"og:type\" content=\"article\" \/>\n<meta property=\"og:title\" content=\"\u201cEstamos atentos a las necesidades de nuestros clientes\u201d - Laboratorio CDV\" \/>\n<meta property=\"og:description\" content=\"A cargo de la Direcci\u00f3n Comercial del Laboratorio CDV, Fernando Matticoli, repasa la actualidad de una empresa que invierte en la profesionalizaci\u00f3n de sus \u00e1reas y planifica sus acciones t\u00e9cnicas y comerciales pensando siempre en la satisfacci\u00f3n de las demandas de sus clientes.\" \/>\n<meta property=\"og:url\" content=\"https:\/\/cdv.com.ar\/vacuna\/estamos-atentos-a-las-necesidades-de-nuestros-clientes\/\" \/>\n<meta property=\"og:site_name\" content=\"Laboratorio CDV\" \/>\n<meta property=\"article:published_time\" content=\"2019-07-22T22:44:04+00:00\" \/>\n<meta property=\"article:modified_time\" content=\"2019-08-26T16:27:21+00:00\" \/>\n<meta property=\"og:image\" content=\"https:\/\/cdv.com.ar\/vacuna\/wp-content\/uploads\/2019\/07\/Fernando-Maticolli-1080x619.jpg\" \/>\n\t<meta property=\"og:image:width\" content=\"1080\" \/>\n\t<meta property=\"og:image:height\" content=\"619\" \/>\n\t<meta property=\"og:image:type\" content=\"image\/jpeg\" \/>\n<meta name=\"author\" content=\"entertec-admin\" \/>\n<meta name=\"twitter:card\" content=\"summary_large_image\" \/>\n<meta name=\"twitter:label1\" content=\"Escrito por\" \/>\n\t<meta name=\"twitter:data1\" content=\"entertec-admin\" \/>\n\t<meta name=\"twitter:label2\" content=\"Tiempo de lectura\" \/>\n\t<meta name=\"twitter:data2\" content=\"5 minutos\" \/>\n<script type=\"application\/ld+json\" class=\"yoast-schema-graph\">{\"@context\":\"https:\/\/schema.org\",\"@graph\":[{\"@type\":\"Article\",\"@id\":\"https:\/\/cdv.com.ar\/vacuna\/estamos-atentos-a-las-necesidades-de-nuestros-clientes\/#article\",\"isPartOf\":{\"@id\":\"https:\/\/cdv.com.ar\/vacuna\/estamos-atentos-a-las-necesidades-de-nuestros-clientes\/\"},\"author\":{\"name\":\"entertec-admin\",\"@id\":\"https:\/\/cdv.com.ar\/vacuna\/#\/schema\/person\/8b0f0652893d1af31c88e87518a77985\"},\"headline\":\"\u201cEstamos atentos a las necesidades de nuestros clientes\u201d\",\"datePublished\":\"2019-07-22T22:44:04+00:00\",\"dateModified\":\"2019-08-26T16:27:21+00:00\",\"mainEntityOfPage\":{\"@id\":\"https:\/\/cdv.com.ar\/vacuna\/estamos-atentos-a-las-necesidades-de-nuestros-clientes\/\"},\"wordCount\":1070,\"publisher\":{\"@id\":\"https:\/\/cdv.com.ar\/vacuna\/#organization\"},\"image\":{\"@id\":\"https:\/\/cdv.com.ar\/vacuna\/estamos-atentos-a-las-necesidades-de-nuestros-clientes\/#primaryimage\"},\"thumbnailUrl\":\"https:\/\/cdv.com.ar\/vacuna\/wp-content\/uploads\/2019\/07\/Fernando-Maticolli-1080x619.jpg\",\"articleSection\":[\"Blog\"],\"inLanguage\":\"es\"},{\"@type\":\"WebPage\",\"@id\":\"https:\/\/cdv.com.ar\/vacuna\/estamos-atentos-a-las-necesidades-de-nuestros-clientes\/\",\"url\":\"https:\/\/cdv.com.ar\/vacuna\/estamos-atentos-a-las-necesidades-de-nuestros-clientes\/\",\"name\":\"\u201cEstamos atentos a las necesidades de nuestros clientes\u201d - Laboratorio CDV\",\"isPartOf\":{\"@id\":\"https:\/\/cdv.com.ar\/vacuna\/#website\"},\"primaryImageOfPage\":{\"@id\":\"https:\/\/cdv.com.ar\/vacuna\/estamos-atentos-a-las-necesidades-de-nuestros-clientes\/#primaryimage\"},\"image\":{\"@id\":\"https:\/\/cdv.com.ar\/vacuna\/estamos-atentos-a-las-necesidades-de-nuestros-clientes\/#primaryimage\"},\"thumbnailUrl\":\"https:\/\/cdv.com.ar\/vacuna\/wp-content\/uploads\/2019\/07\/Fernando-Maticolli-1080x619.jpg\",\"datePublished\":\"2019-07-22T22:44:04+00:00\",\"dateModified\":\"2019-08-26T16:27:21+00:00\",\"breadcrumb\":{\"@id\":\"https:\/\/cdv.com.ar\/vacuna\/estamos-atentos-a-las-necesidades-de-nuestros-clientes\/#breadcrumb\"},\"inLanguage\":\"es\",\"potentialAction\":[{\"@type\":\"ReadAction\",\"target\":[\"https:\/\/cdv.com.ar\/vacuna\/estamos-atentos-a-las-necesidades-de-nuestros-clientes\/\"]}]},{\"@type\":\"ImageObject\",\"inLanguage\":\"es\",\"@id\":\"https:\/\/cdv.com.ar\/vacuna\/estamos-atentos-a-las-necesidades-de-nuestros-clientes\/#primaryimage\",\"url\":\"https:\/\/cdv.com.ar\/vacuna\/wp-content\/uploads\/2019\/07\/Fernando-Maticolli-1080x619.jpg\",\"contentUrl\":\"https:\/\/cdv.com.ar\/vacuna\/wp-content\/uploads\/2019\/07\/Fernando-Maticolli-1080x619.jpg\",\"width\":1080,\"height\":619},{\"@type\":\"BreadcrumbList\",\"@id\":\"https:\/\/cdv.com.ar\/vacuna\/estamos-atentos-a-las-necesidades-de-nuestros-clientes\/#breadcrumb\",\"itemListElement\":[{\"@type\":\"ListItem\",\"position\":1,\"name\":\"Portada\",\"item\":\"https:\/\/cdv.com.ar\/vacuna\/\"},{\"@type\":\"ListItem\",\"position\":2,\"name\":\"\u201cEstamos atentos a las necesidades de nuestros clientes\u201d\"}]},{\"@type\":\"WebSite\",\"@id\":\"https:\/\/cdv.com.ar\/vacuna\/#website\",\"url\":\"https:\/\/cdv.com.ar\/vacuna\/\",\"name\":\"Laboratorio CDV\",\"description\":\"\",\"publisher\":{\"@id\":\"https:\/\/cdv.com.ar\/vacuna\/#organization\"},\"potentialAction\":[{\"@type\":\"SearchAction\",\"target\":{\"@type\":\"EntryPoint\",\"urlTemplate\":\"https:\/\/cdv.com.ar\/vacuna\/?s={search_term_string}\"},\"query-input\":{\"@type\":\"PropertyValueSpecification\",\"valueRequired\":true,\"valueName\":\"search_term_string\"}}],\"inLanguage\":\"es\"},{\"@type\":\"Organization\",\"@id\":\"https:\/\/cdv.com.ar\/vacuna\/#organization\",\"name\":\"Laboratorio CDV\",\"url\":\"https:\/\/cdv.com.ar\/vacuna\/\",\"logo\":{\"@type\":\"ImageObject\",\"inLanguage\":\"es\",\"@id\":\"https:\/\/cdv.com.ar\/vacuna\/#\/schema\/logo\/image\/\",\"url\":\"https:\/\/cdv.com.ar\/vacuna\/wp-content\/uploads\/favicon.png\",\"contentUrl\":\"https:\/\/cdv.com.ar\/vacuna\/wp-content\/uploads\/favicon.png\",\"width\":100,\"height\":100,\"caption\":\"Laboratorio CDV\"},\"image\":{\"@id\":\"https:\/\/cdv.com.ar\/vacuna\/#\/schema\/logo\/image\/\"}},{\"@type\":\"Person\",\"@id\":\"https:\/\/cdv.com.ar\/vacuna\/#\/schema\/person\/8b0f0652893d1af31c88e87518a77985\",\"name\":\"entertec-admin\",\"image\":{\"@type\":\"ImageObject\",\"inLanguage\":\"es\",\"@id\":\"https:\/\/cdv.com.ar\/vacuna\/#\/schema\/person\/image\/\",\"url\":\"https:\/\/secure.gravatar.com\/avatar\/8c9c676be6c9e8fbd37f66d87552fc1ee7c64b6ad4a4f85c35ba72249de1d6e6?s=96&d=mm&r=g\",\"contentUrl\":\"https:\/\/secure.gravatar.com\/avatar\/8c9c676be6c9e8fbd37f66d87552fc1ee7c64b6ad4a4f85c35ba72249de1d6e6?s=96&d=mm&r=g\",\"caption\":\"entertec-admin\"},\"url\":\"https:\/\/cdv.com.ar\/vacuna\/author\/entertec-admin\/\"}]}<\/script>\n<!-- \/ Yoast SEO plugin. -->","yoast_head_json":{"title":"\u201cEstamos atentos a las necesidades de nuestros clientes\u201d - Laboratorio CDV","robots":{"index":"index","follow":"follow","max-snippet":"max-snippet:-1","max-image-preview":"max-image-preview:large","max-video-preview":"max-video-preview:-1"},"canonical":"https:\/\/cdv.com.ar\/vacuna\/estamos-atentos-a-las-necesidades-de-nuestros-clientes\/","og_locale":"es_ES","og_type":"article","og_title":"\u201cEstamos atentos a las necesidades de nuestros clientes\u201d - Laboratorio CDV","og_description":"A cargo de la Direcci\u00f3n Comercial del Laboratorio CDV, Fernando Matticoli, repasa la actualidad de una empresa que invierte en la profesionalizaci\u00f3n de sus \u00e1reas y planifica sus acciones t\u00e9cnicas y comerciales pensando siempre en la satisfacci\u00f3n de las demandas de sus clientes.","og_url":"https:\/\/cdv.com.ar\/vacuna\/estamos-atentos-a-las-necesidades-de-nuestros-clientes\/","og_site_name":"Laboratorio CDV","article_published_time":"2019-07-22T22:44:04+00:00","article_modified_time":"2019-08-26T16:27:21+00:00","og_image":[{"width":1080,"height":619,"url":"https:\/\/cdv.com.ar\/vacuna\/wp-content\/uploads\/2019\/07\/Fernando-Maticolli-1080x619.jpg","type":"image\/jpeg"}],"author":"entertec-admin","twitter_card":"summary_large_image","twitter_misc":{"Escrito por":"entertec-admin","Tiempo de lectura":"5 minutos"},"schema":{"@context":"https:\/\/schema.org","@graph":[{"@type":"Article","@id":"https:\/\/cdv.com.ar\/vacuna\/estamos-atentos-a-las-necesidades-de-nuestros-clientes\/#article","isPartOf":{"@id":"https:\/\/cdv.com.ar\/vacuna\/estamos-atentos-a-las-necesidades-de-nuestros-clientes\/"},"author":{"name":"entertec-admin","@id":"https:\/\/cdv.com.ar\/vacuna\/#\/schema\/person\/8b0f0652893d1af31c88e87518a77985"},"headline":"\u201cEstamos atentos a las necesidades de nuestros clientes\u201d","datePublished":"2019-07-22T22:44:04+00:00","dateModified":"2019-08-26T16:27:21+00:00","mainEntityOfPage":{"@id":"https:\/\/cdv.com.ar\/vacuna\/estamos-atentos-a-las-necesidades-de-nuestros-clientes\/"},"wordCount":1070,"publisher":{"@id":"https:\/\/cdv.com.ar\/vacuna\/#organization"},"image":{"@id":"https:\/\/cdv.com.ar\/vacuna\/estamos-atentos-a-las-necesidades-de-nuestros-clientes\/#primaryimage"},"thumbnailUrl":"https:\/\/cdv.com.ar\/vacuna\/wp-content\/uploads\/2019\/07\/Fernando-Maticolli-1080x619.jpg","articleSection":["Blog"],"inLanguage":"es"},{"@type":"WebPage","@id":"https:\/\/cdv.com.ar\/vacuna\/estamos-atentos-a-las-necesidades-de-nuestros-clientes\/","url":"https:\/\/cdv.com.ar\/vacuna\/estamos-atentos-a-las-necesidades-de-nuestros-clientes\/","name":"\u201cEstamos atentos a las necesidades de nuestros clientes\u201d - Laboratorio CDV","isPartOf":{"@id":"https:\/\/cdv.com.ar\/vacuna\/#website"},"primaryImageOfPage":{"@id":"https:\/\/cdv.com.ar\/vacuna\/estamos-atentos-a-las-necesidades-de-nuestros-clientes\/#primaryimage"},"image":{"@id":"https:\/\/cdv.com.ar\/vacuna\/estamos-atentos-a-las-necesidades-de-nuestros-clientes\/#primaryimage"},"thumbnailUrl":"https:\/\/cdv.com.ar\/vacuna\/wp-content\/uploads\/2019\/07\/Fernando-Maticolli-1080x619.jpg","datePublished":"2019-07-22T22:44:04+00:00","dateModified":"2019-08-26T16:27:21+00:00","breadcrumb":{"@id":"https:\/\/cdv.com.ar\/vacuna\/estamos-atentos-a-las-necesidades-de-nuestros-clientes\/#breadcrumb"},"inLanguage":"es","potentialAction":[{"@type":"ReadAction","target":["https:\/\/cdv.com.ar\/vacuna\/estamos-atentos-a-las-necesidades-de-nuestros-clientes\/"]}]},{"@type":"ImageObject","inLanguage":"es","@id":"https:\/\/cdv.com.ar\/vacuna\/estamos-atentos-a-las-necesidades-de-nuestros-clientes\/#primaryimage","url":"https:\/\/cdv.com.ar\/vacuna\/wp-content\/uploads\/2019\/07\/Fernando-Maticolli-1080x619.jpg","contentUrl":"https:\/\/cdv.com.ar\/vacuna\/wp-content\/uploads\/2019\/07\/Fernando-Maticolli-1080x619.jpg","width":1080,"height":619},{"@type":"BreadcrumbList","@id":"https:\/\/cdv.com.ar\/vacuna\/estamos-atentos-a-las-necesidades-de-nuestros-clientes\/#breadcrumb","itemListElement":[{"@type":"ListItem","position":1,"name":"Portada","item":"https:\/\/cdv.com.ar\/vacuna\/"},{"@type":"ListItem","position":2,"name":"\u201cEstamos atentos a las necesidades de nuestros clientes\u201d"}]},{"@type":"WebSite","@id":"https:\/\/cdv.com.ar\/vacuna\/#website","url":"https:\/\/cdv.com.ar\/vacuna\/","name":"Laboratorio CDV","description":"","publisher":{"@id":"https:\/\/cdv.com.ar\/vacuna\/#organization"},"potentialAction":[{"@type":"SearchAction","target":{"@type":"EntryPoint","urlTemplate":"https:\/\/cdv.com.ar\/vacuna\/?s={search_term_string}"},"query-input":{"@type":"PropertyValueSpecification","valueRequired":true,"valueName":"search_term_string"}}],"inLanguage":"es"},{"@type":"Organization","@id":"https:\/\/cdv.com.ar\/vacuna\/#organization","name":"Laboratorio CDV","url":"https:\/\/cdv.com.ar\/vacuna\/","logo":{"@type":"ImageObject","inLanguage":"es","@id":"https:\/\/cdv.com.ar\/vacuna\/#\/schema\/logo\/image\/","url":"https:\/\/cdv.com.ar\/vacuna\/wp-content\/uploads\/favicon.png","contentUrl":"https:\/\/cdv.com.ar\/vacuna\/wp-content\/uploads\/favicon.png","width":100,"height":100,"caption":"Laboratorio CDV"},"image":{"@id":"https:\/\/cdv.com.ar\/vacuna\/#\/schema\/logo\/image\/"}},{"@type":"Person","@id":"https:\/\/cdv.com.ar\/vacuna\/#\/schema\/person\/8b0f0652893d1af31c88e87518a77985","name":"entertec-admin","image":{"@type":"ImageObject","inLanguage":"es","@id":"https:\/\/cdv.com.ar\/vacuna\/#\/schema\/person\/image\/","url":"https:\/\/secure.gravatar.com\/avatar\/8c9c676be6c9e8fbd37f66d87552fc1ee7c64b6ad4a4f85c35ba72249de1d6e6?s=96&d=mm&r=g","contentUrl":"https:\/\/secure.gravatar.com\/avatar\/8c9c676be6c9e8fbd37f66d87552fc1ee7c64b6ad4a4f85c35ba72249de1d6e6?s=96&d=mm&r=g","caption":"entertec-admin"},"url":"https:\/\/cdv.com.ar\/vacuna\/author\/entertec-admin\/"}]}},"jetpack_sharing_enabled":true,"jetpack_featured_media_url":"https:\/\/cdv.com.ar\/vacuna\/wp-content\/uploads\/2019\/07\/Fernando-Maticolli-1080x619.jpg","_links":{"self":[{"href":"https:\/\/cdv.com.ar\/vacuna\/wp-json\/wp\/v2\/posts\/126","targetHints":{"allow":["GET"]}}],"collection":[{"href":"https:\/\/cdv.com.ar\/vacuna\/wp-json\/wp\/v2\/posts"}],"about":[{"href":"https:\/\/cdv.com.ar\/vacuna\/wp-json\/wp\/v2\/types\/post"}],"author":[{"embeddable":true,"href":"https:\/\/cdv.com.ar\/vacuna\/wp-json\/wp\/v2\/users\/1"}],"replies":[{"embeddable":true,"href":"https:\/\/cdv.com.ar\/vacuna\/wp-json\/wp\/v2\/comments?post=126"}],"version-history":[{"count":8,"href":"https:\/\/cdv.com.ar\/vacuna\/wp-json\/wp\/v2\/posts\/126\/revisions"}],"predecessor-version":[{"id":657,"href":"https:\/\/cdv.com.ar\/vacuna\/wp-json\/wp\/v2\/posts\/126\/revisions\/657"}],"wp:featuredmedia":[{"embeddable":true,"href":"https:\/\/cdv.com.ar\/vacuna\/wp-json\/wp\/v2\/media\/647"}],"wp:attachment":[{"href":"https:\/\/cdv.com.ar\/vacuna\/wp-json\/wp\/v2\/media?parent=126"}],"wp:term":[{"taxonomy":"category","embeddable":true,"href":"https:\/\/cdv.com.ar\/vacuna\/wp-json\/wp\/v2\/categories?post=126"},{"taxonomy":"post_tag","embeddable":true,"href":"https:\/\/cdv.com.ar\/vacuna\/wp-json\/wp\/v2\/tags?post=126"}],"curies":[{"name":"wp","href":"https:\/\/api.w.org\/{rel}","templated":true}]}}